{"id":2300,"date":"2026-04-27T14:15:58","date_gmt":"2026-04-27T12:15:58","guid":{"rendered":"https:\/\/bmmc.fr\/?p=2300"},"modified":"2026-04-27T14:15:59","modified_gmt":"2026-04-27T12:15:59","slug":"14eme-edition-de-notre-sortie-anciennes","status":"publish","type":"post","link":"https:\/\/bmmc.fr\/?p=2300","title":{"rendered":"14\u00e8me \u00e9dition de notre sortie &#8220;Anciennes&#8221;"},"content":{"rendered":"\n<figure class=\"wp-block-image size-full\"><img fetchpriority=\"high\" decoding=\"async\" width=\"523\" height=\"350\" src=\"https:\/\/bmmc.fr\/wp-content\/uploads\/2026\/04\/image-5.png\" alt=\"\" class=\"wp-image-2301\" srcset=\"https:\/\/bmmc.fr\/wp-content\/uploads\/2026\/04\/image-5.png 523w, https:\/\/bmmc.fr\/wp-content\/uploads\/2026\/04\/image-5-300x201.png 300w\" sizes=\"(max-width: 523px) 100vw, 523px\" \/><\/figure>\n\n\n\n<p><strong>Sortie des Anciennes \u2013 14\u1d49 \u00e9dition : mamies rutilantes, pilotes motiv\u00e9s et brioche l\u00e9gendaire<\/strong><\/p>\n\n\n\n<p>Pour cette 14\u1d49 \u00e9dition, le comit\u00e9 a d\u00e9cid\u00e9 de reprendre la formule gagnante de 2025 : une belle sortie \u00ab\u202fAnciennes\u202f\u00bb intimiste, sur invitation, histoire de garder un peu de charme et beaucoup de tranquillit\u00e9. Et puis, soyons honn\u00eates : c\u2019est aussi l\u2019occasion r\u00eav\u00e9e de ressortir vos mamies m\u00e9caniques, puisque la date tombe pile le jour de la <strong>Journ\u00e9e Nationale des V\u00e9hicules d\u2019\u00c9poque<\/strong>. L\u2019excuse parfaite pour d\u00e9poussi\u00e9rer les chromes et r\u00e9veiller les carburateurs.<\/p>\n\n\n\n<p>Apr\u00e8s une semaine digne du mois d\u2019ao\u00fbt, la m\u00e9t\u00e9o a tent\u00e9 un petit coup de bluff\u2026 mais rien de dramatique, un petit 5\u00b0 \u00e0 8h, rien qu\u2019un &nbsp;sourire et un caf\u00e9 chaud ne puisse faire oublier.<\/p>\n\n\n\n<p><strong>&nbsp;Caf\u00e9, brioche et bonne humeur : le trio gagnant<\/strong><\/p>\n\n\n\n<p>D\u00e8s 8h, <strong>51 participants et 36 motos<\/strong> se retrouvent sur le parking d\u2019Auchan Marlenheim pour le d\u00e9sormais rituel sacr\u00e9 du caf\u00e9\u2011g\u00e2teau. La tonnelle n\u2019a m\u00eame pas \u00e9t\u00e9 n\u00e9cessaire cette ann\u00e9e.<\/p>\n\n\n\n<p>C\u00f4t\u00e9 gourmandises, Patrick nous a encore bluff\u00e9s avec <strong>trois tresses brioch\u00e9es<\/strong> dignes d\u2019un concours r\u00e9gional. On commence s\u00e9rieusement \u00e0 se demander s\u2019il ne m\u00e8ne pas une double vie de boulanger. Par ailleurs il assure le r\u00f4le de barista avec une efficacit\u00e9 redoutable, tandis que Sylvie et moi g\u00e8rons l\u2019accueil : enregistrements, pochettes, circuits, planchettes pour b\u00e9quilles\u2026 bref, le guichet unique du motard heureux.<\/p>\n\n\n\n<p>Une organisation au millim\u00e8tre, comme toujours, \u00e0 la hauteur des belles machines. Les heures de pr\u00e9paration ? Vite oubli\u00e9es face aux sourires, aux retrouvailles et \u00e0 l\u2019ambiance chaleureuse qui fait tout le charme de cette sortie.<\/p>\n\n\n\n<p><strong>Pr\u00eats pour le d\u00e9part ?<\/strong><\/p>\n\n\n\n<p>Cette ann\u00e9e encore, la balade \u00e9tait ouverte aux motos de collection au sens strict : <strong>30 ans minimum<\/strong>, ce qui nous am\u00e8ne jusqu\u2019en 1996. Deux side-car compl\u00e8tent le tableau. Eh oui, les \u00ab\u202fanciennes-anciennes\u202f\u00bb se font rares\u2026 tout le monde vieillit, m\u00eame les motos, et la rel\u00e8ve n\u2019est pas toujours au rendez\u2011vous. Mais une ancestrale Terrot &nbsp;250 de 1930 s\u2019est courageusement lanc\u00e9e dans l\u2019aventure.<\/p>\n\n\n\n<p><strong>&nbsp;Les groupes en piste<\/strong><\/p>\n\n\n\n<p><strong>&nbsp;Groupe 1 \u2013 Les V\u00e9n\u00e9rables (ann\u00e9es 60 + side)<\/strong><\/p>\n\n\n\n<p>10 motos et les deux side-car ouvrent le bal \u00e0 9h, men\u00e9s par <strong>Thierry Bombardier<\/strong>. Assistance de luxe : une voiture avec remorque, pr\u00eate \u00e0 intervenir, avec <strong>Eric Vierling<\/strong> comme pilote et <strong>Nicole<\/strong> comme co-pilote \u2026 m\u00eame s\u2019ils esp\u00e8rent secr\u00e8tement ne rien avoir \u00e0 faire.<\/p>\n\n\n\n<p>Circuit : <strong>100 km \u2013 2h30 de roulage<\/strong>. Pause pr\u00e9vue au sommet du Dabo, histoire de laisser souffler les m\u00e9caniques\u2026 et les pilotes. Petite r\u00e9hydratation obligatoire au resto, \u00e9videmment.<\/p>\n\n\n\n<p><strong>&nbsp;Groupe 2 \u2013 Les Classiques (1970\u20131995)<\/strong><\/p>\n\n\n\n<p>16 motos dans cette cat\u00e9gorie, guid\u00e9es par <strong>Pascal Guignard<\/strong> et sa superbe R75\/5 de 1972. Circuit : <strong>140 km \u2013 3h de roulage<\/strong>. Un groupe disciplin\u00e9, efficace\u2026 et toujours pr\u00eat \u00e0 chambrer les copains du premier groupe.<\/p>\n\n\n\n<p><strong>&nbsp;Groupe 3 \u2013 La Sortie Dominicale<\/strong><\/p>\n\n\n\n<p>Comme le 26 avril est aussi notre sortie mensuelle, <strong>10 membres<\/strong> ont d\u00e9cid\u00e9 de rejoindre l\u2019aventure. D\u00e9part \u00e0 9h30, m\u00eame circuit que les Classiques, sous la houlette de <strong>Laurent Eckert<\/strong>.<\/p>\n\n\n\n<p>Les deux circuits serpentent entre plaine et montagne, une vraie chor\u00e9graphie printani\u00e8re o\u00f9 les motos dansent avec les paysages.<\/p>\n\n\n\n<p><strong>&nbsp;Pause d\u00e9jeuner : carburant pour humains<\/strong><\/p>\n\n\n\n<p>Les 36 motos, fi\u00e8rement \u2026.p\u00ealem\u00eales\u2026. patientent pendant que leurs pilotes investissent le restaurant <strong>S\u2019Landstuebel \u00e0 Knoersheim<\/strong>. Au menu, asperges pour les uns, bouch\u00e9e \u00e0 la reine pour les autres et une bonne tarte \u00e0 la rhubarbe pour finir, le tout d\u00e9gust\u00e9 avec un enthousiasme qui ferait rougir un chef \u00e9toil\u00e9.<\/p>\n\n\n\n<p>Les conversations fusent : projets de balades, retrouvailles, nouvelles t\u00eates\u2026 Une vraie symphonie de bonne humeur.<\/p>\n\n\n\n<p>Vers 16h, les premiers commencent \u00e0 repartir. Et quel bilan&nbsp;!<\/p>\n\n\n\n<p><strong>&nbsp;Bilan de la journ\u00e9e : un sans\u2011faute<\/strong><\/p>\n\n\n\n<ul class=\"wp-block-list\">\n<li><strong>0 accident<\/strong> (m\u00eame pas une \u00e9gratignure d\u2019ego).<\/li>\n\n\n\n<li><strong>0 panne ou presque\u2026.<\/strong> \u00a0Notre mamie Terrot avait un c\u00e2ble de bougie qui a touch\u00e9 la masse et qui a logiquement cram\u00e9. R\u00e9sultat\u00a0: arr\u00eat intempestif. Mais en deux temps trois mouvement, un petit coup de pince et un peu d\u2019isolant et notre mamie est fi\u00e8rement repartie.. Et en fin de parcours un des side-car a d\u00e9clar\u00e9 forfait \u00e0 Wasselonne. On l\u2019a laiss\u00e9 reprendre ses esprits le temps du repas et au retour, hop\u00a0! vroum vroum et c\u2019est reparti jusqu\u2019\u00e0 Saralbe avec ses propri\u00e9taires.<\/li>\n<\/ul>\n\n\n\n<p>La remorque a pass\u00e9 une journ\u00e9e si tranquille qu\u2019elle envisage s\u00e9rieusement la pr\u00e9retraite.<\/p>\n\n\n\n<ul class=\"wp-block-list\">\n<li><strong>0 \u00e9gar\u00e9<\/strong> (malgr\u00e9 quelques GPS qui avaient d\u00e9cid\u00e9 de vivre leur propre vie).<\/li>\n<\/ul>\n\n\n\n<p>Et cerise sur la brioche : le soleil nous a accompagn\u00e9 toute la journ\u00e9e. Il a r\u00e9chauff\u00e9 l\u2019atmosph\u00e8re et les c\u0153urs histoire d\u2019illuminer cette belle journ\u00e9e.<\/p>\n\n\n\n<p>Alors\u2026 qui dit mieux ?<\/p>\n\n\n\n<p>L\u2019\u00e9quipe du BMMC vous dit&nbsp;:&nbsp;\u00ab&nbsp;A l\u2019ann\u00e9e prochaine\u2026peut-\u00eatre&nbsp;!&nbsp;\u00bb.<\/p>\n\n\n\n<p class=\"has-text-align-right has-large-font-size\"><strong><em><a href=\"https:\/\/photos.app.goo.gl\/JWBRtmdPc9HNgpiJ7\" data-type=\"link\" data-id=\"https:\/\/photos.app.goo.gl\/JWBRtmdPc9HNgpiJ7\">Voir les photos<\/a><\/em><\/strong><\/p>\n\n\n\n<p>Monique Ohlmann<\/p>\n\n\n\n<p>Secr\u00e9taire<\/p>\n\n\n\n<p><\/p>\n","protected":false},"excerpt":{"rendered":"<p>Sortie des Anciennes \u2013 14\u1d49 \u00e9dition : mamies rutilantes, pilotes motiv\u00e9s et brioche l\u00e9gendaire Pour cette 14\u1d49 \u00e9dition, le comit\u00e9 a d\u00e9cid\u00e9 de reprendre la formule gagnante de 2025 : une belle sortie \u00ab\u202fAnciennes\u202f\u00bb intimiste, sur invitation, histoire de garder un peu de charme et beaucoup de tranquillit\u00e9. Et puis, soyons honn\u00eates : c\u2019est aussi &hellip; <a href=\"https:\/\/bmmc.fr\/?p=2300\" class=\"more-link\">Continuer la lecture de <span class=\"screen-reader-text\">14\u00e8me \u00e9dition de notre sortie &#8220;Anciennes&#8221;<\/span> <span class=\"meta-nav\">&rarr;<\/span><\/a><\/p>\n","protected":false},"author":8,"featured_media":834,"comment_status":"closed","ping_status":"open","sticky":false,"template":"","format":"standard","meta":{"footnotes":""},"categories":[35],"tags":[],"class_list":["post-2300","post","type-post","status-publish","format-standard","has-post-thumbnail","hentry","category-actualites"],"_links":{"self":[{"href":"https:\/\/bmmc.fr\/index.php?rest_route=\/wp\/v2\/posts\/2300","targetHints":{"allow":["GET"]}}],"collection":[{"href":"https:\/\/bmmc.fr\/index.php?rest_route=\/wp\/v2\/posts"}],"about":[{"href":"https:\/\/bmmc.fr\/index.php?rest_route=\/wp\/v2\/types\/post"}],"author":[{"embeddable":true,"href":"https:\/\/bmmc.fr\/index.php?rest_route=\/wp\/v2\/users\/8"}],"replies":[{"embeddable":true,"href":"https:\/\/bmmc.fr\/index.php?rest_route=%2Fwp%2Fv2%2Fcomments&post=2300"}],"version-history":[{"count":1,"href":"https:\/\/bmmc.fr\/index.php?rest_route=\/wp\/v2\/posts\/2300\/revisions"}],"predecessor-version":[{"id":2302,"href":"https:\/\/bmmc.fr\/index.php?rest_route=\/wp\/v2\/posts\/2300\/revisions\/2302"}],"wp:featuredmedia":[{"embeddable":true,"href":"https:\/\/bmmc.fr\/index.php?rest_route=\/wp\/v2\/media\/834"}],"wp:attachment":[{"href":"https:\/\/bmmc.fr\/index.php?rest_route=%2Fwp%2Fv2%2Fmedia&parent=2300"}],"wp:term":[{"taxonomy":"category","embeddable":true,"href":"https:\/\/bmmc.fr\/index.php?rest_route=%2Fwp%2Fv2%2Fcategories&post=2300"},{"taxonomy":"post_tag","embeddable":true,"href":"https:\/\/bmmc.fr\/index.php?rest_route=%2Fwp%2Fv2%2Ftags&post=2300"}],"curies":[{"name":"wp","href":"https:\/\/api.w.org\/{rel}","templated":true}]}}