{"id":117,"date":"2011-06-29T08:38:16","date_gmt":"2011-06-29T06:38:16","guid":{"rendered":"https:\/\/bmmc.fr\/wp\/?p=117"},"modified":"2011-06-29T08:38:16","modified_gmt":"2011-06-29T06:38:16","slug":"6-ieme-sortie-des-motos-anciennes","status":"publish","type":"post","link":"https:\/\/bmmc.fr\/?p=117","title":{"rendered":"6 i\u00e8me sortie des motos anciennes"},"content":{"rendered":"<p><img fetchpriority=\"high\" decoding=\"async\" class=\" size-full wp-image-114\" style=\"margin: 4px 6px; border: 0pt none;\" src=\"https:\/\/bmmc.fr\/wp\/wp-content\/uploads\/2011\/06\/P1040658.JPG\" alt=\"\" width=\"418\" height=\"200\" border=\"0\" srcset=\"https:\/\/bmmc.fr\/wp-content\/uploads\/2011\/06\/P1040658.JPG 613w, https:\/\/bmmc.fr\/wp-content\/uploads\/2011\/06\/P1040658-300x143.jpg 300w\" sizes=\"(max-width: 418px) 100vw, 418px\" \/><\/p>\n<p>Pour la 6 \u00e8me ann\u00e9e cons\u00e9cutive, la section \u00ab\u00a0classiques\u00a0\u00bb du BMMC (BM Moto Club d\u2019Alsace) a organis\u00e9 sa manifestation des motos anciennes le dimanche 1<sup>er<\/sup> mai 2011. Se d\u00e9roulant \u00e0 Dimbsthal (67), cette journ\u00e9e ensoleill\u00e9e permettant \u00e0 nos anciennes de se d\u00e9fouler les bielles et aux heureux propri\u00e9taires de partager\u00a0 un grand moment de convivialit\u00e9, a \u00e9t\u00e9 une fois de plus un r\u00e9el succ\u00e8s.<\/p>\n<p><img decoding=\"async\" class=\" alignleft size-full wp-image-115\" style=\"float: left; margin: 4px 6px;\" src=\"https:\/\/bmmc.fr\/wp\/wp-content\/uploads\/2011\/06\/P1040598.JPG\" alt=\"\" width=\"437\" height=\"327\" border=\"0\" srcset=\"https:\/\/bmmc.fr\/wp-content\/uploads\/2011\/06\/P1040598.JPG 730w, https:\/\/bmmc.fr\/wp-content\/uploads\/2011\/06\/P1040598-300x225.jpg 300w\" sizes=\"(max-width: 437px) 100vw, 437px\" \/>Ainsi, de nombreuses BM anciennes mais \u00e9galement des BSA, Norton, Koehler Escoffier, Terrot, Puch et autres Z\u00fcndapp et Triumph, arriv\u00e9es de tous horizons, ont pris part \u00e0 la f\u00eate. Certaines juste pour le plaisir des yeux, d\u2019autres, arriv\u00e9es par la route,\u00a0 pour effectuer le circuit pr\u00e9par\u00e9 \u00e0 leur intention. Au menu: deux parcours concoct\u00e9s avec soin en fonction de l\u2019\u00e2ge des v\u00e9t\u00e9rantes. 80 kilom\u00e8tres pour les plus anciennes et 100 pour les \u00ab\u00a0r\u00e9centes\u00a0\u00bb, les 90 participants ont ainsi pu d\u00e9couvrir les paysages et villages bas-rhinois.<\/p>\n<p>\u00a0<\/p>\n<p>Les deux circuits simplement diff\u00e9renci\u00e9s par une boucle suppl\u00e9mentaire, les belles et vaillantes anciennes ont tour \u00e0 tour sillonn\u00e9 les villages pittoresques, les routes foresti\u00e8res et vallonn\u00e9es du pays de Saverne et de ses environs.<br \/> Arriv\u00e9s au point de jonction des deux parcours, sous pr\u00e9texte de reposer les m\u00e9caniques, les motards ont pu prendre un ap\u00e9ritif bien m\u00e9rit\u00e9. Ce fut d\u2019ailleurs l\u2019occasion d\u2019admirer \u00e0 nouveau les belles m\u00e9caniques amoureusement bichonn\u00e9es pendant l\u2019hiver\u2026<br \/> La seconde partie du trajet marqua le retour vers Dimbsthal\u00a0 o\u00f9 un repas convivial attendait les participants dans la salle des f\u00eates.<\/p>\n<p>La salle mise \u00e0 disposition par Mr le Maire, Claude Schmitt, lui m\u00eame passionn\u00e9 et collectionneur de v\u00e9hicules anciens,\u00a0 permettait outre la d\u00e9gustation de tartes flamb\u00e9es et autres breuvages distill\u00e9s d\u2019admirer une exposition sp\u00e9cialement compos\u00e9e pour l\u2019occasion de 15 motos BMW anciennes. Gr\u00e2ce \u00e0 la g\u00e9n\u00e9reuse participation de BS Moto \u00e0 Souffelweyersheim,\u00a0 les passionn\u00e9s ont pu contempler le dernier fleuron de la marque \u00e0 l\u2019h\u00e9lice, la K16 GTL six cylindres.<br \/> A l\u2019issue du repas, le BMMC a proc\u00e9d\u00e9 \u00e0 la distribution des prix attribu\u00e9s par le jury. Ont ainsi \u00e9t\u00e9 r\u00e9compens\u00e9es, la moto la plus ancienne (Peugeot P105 de 1928), la plus ancienne BMW (R35 1935), la plus belle moto \u00ab\u00a0dans son jus\u00a0\u00bb (Terrot 1930), et bien d\u2019autres encore\u2026<br \/> Mais les festivit\u00e9s ne se sont pas arr\u00eat\u00e9es l\u00e0,\u00a0 puisque la R69S (c.f\u00a0: \u00ab\u00a0histoire d\u2019une 69s\u00a0\u00bb sur <a href=\"http:\/\/www.bmmc.fr\/\">www.bmmc.fr<\/a>) expos\u00e9e parmi les v\u00e9t\u00e9rantes, a effectu\u00e9 pour le bonheur de tous, y compris et surtout des malentendants, quelques runs sur une portion de route provisoirement ferm\u00e9e \u00e0 cet effet\u2026<\/p>\n<p><img decoding=\"async\" class=\" alignleft size-full wp-image-116\" style=\"border: 0pt none; float: left; margin: 4px 6px;\" src=\"https:\/\/bmmc.fr\/wp\/wp-content\/uploads\/2011\/06\/P1040436.JPG\" alt=\"\" width=\"465\" height=\"222\" border=\"0\" srcset=\"https:\/\/bmmc.fr\/wp-content\/uploads\/2011\/06\/P1040436.JPG 582w, https:\/\/bmmc.fr\/wp-content\/uploads\/2011\/06\/P1040436-300x143.jpg 300w\" sizes=\"(max-width: 465px) 100vw, 465px\" \/><\/p>\n<p>A l\u2019issue d\u2019une \u00e9dition 2011 tr\u00e8s r\u00e9ussie de la journ\u00e9e des anciennes du BMMC, il reste \u00e0 remercier chaleureusement les organisateurs et notamment Andr\u00e9 Huck, responsable de la section anciennes et Bernard Mey, son adjoint, qui n\u2019ont pas m\u00e9nag\u00e9 leurs efforts. A l\u2019ann\u00e9e prochaine, avec grand plaisir\u2026<\/p>\n<p>\u00a0<\/p>\n<p><a href=\"https:\/\/picasaweb.google.com\/bmmc67\/SortieDesAnciennes2011?authkey=Gv1sRgCISKjuy3xcD3Gg&amp;feat=directlink\" target=\"_blank\" rel=\"noopener\"><strong><span style=\"font-size: medium;\">Les photos<\/span><\/strong><\/a><\/p>\n","protected":false},"excerpt":{"rendered":"<p><img fetchpriority=\"high\" decoding=\"async\" class=\" size-full wp-image-114\" style=\"margin: 4px 6px; border: 0pt none;\" src=\"https:\/\/bmmc.fr\/wp\/wp-content\/uploads\/2011\/06\/P1040658.JPG\" alt=\"\" width=\"418\" height=\"200\" border=\"0\" srcset=\"https:\/\/bmmc.fr\/wp-content\/uploads\/2011\/06\/P1040658.JPG 613w, https:\/\/bmmc.fr\/wp-content\/uploads\/2011\/06\/P1040658-300x143.jpg 300w\" sizes=\"(max-width: 418px) 100vw, 418px\" \/><\/p>\n<p>Pour la 6 \u00e8me ann\u00e9e cons\u00e9cutive, la section \u00ab\u00a0classiques\u00a0\u00bb du BMMC (BM Moto Club d\u2019Alsace) a organis\u00e9 sa manifestation des motos anciennes le dimanche 1<sup>er<\/sup> mai 2011. Se d\u00e9roulant \u00e0 Dimbsthal (67), cette journ\u00e9e ensoleill\u00e9e permettant \u00e0 nos anciennes de se d\u00e9fouler les bielles et aux heureux propri\u00e9taires de partager\u00a0 un grand moment de convivialit\u00e9, a \u00e9t\u00e9 une fois de plus un r\u00e9el succ\u00e8s.<\/p>\n","protected":false},"author":1,"featured_media":114,"comment_status":"closed","ping_status":"open","sticky":false,"template":"","format":"standard","meta":{"footnotes":""},"categories":[16],"tags":[],"class_list":["post-117","post","type-post","status-publish","format-standard","has-post-thumbnail","hentry","category-classiques"],"_links":{"self":[{"href":"https:\/\/bmmc.fr\/index.php?rest_route=\/wp\/v2\/posts\/117","targetHints":{"allow":["GET"]}}],"collection":[{"href":"https:\/\/bmmc.fr\/index.php?rest_route=\/wp\/v2\/posts"}],"about":[{"href":"https:\/\/bmmc.fr\/index.php?rest_route=\/wp\/v2\/types\/post"}],"author":[{"embeddable":true,"href":"https:\/\/bmmc.fr\/index.php?rest_route=\/wp\/v2\/users\/1"}],"replies":[{"embeddable":true,"href":"https:\/\/bmmc.fr\/index.php?rest_route=%2Fwp%2Fv2%2Fcomments&post=117"}],"version-history":[{"count":0,"href":"https:\/\/bmmc.fr\/index.php?rest_route=\/wp\/v2\/posts\/117\/revisions"}],"wp:featuredmedia":[{"embeddable":true,"href":"https:\/\/bmmc.fr\/index.php?rest_route=\/wp\/v2\/media\/114"}],"wp:attachment":[{"href":"https:\/\/bmmc.fr\/index.php?rest_route=%2Fwp%2Fv2%2Fmedia&parent=117"}],"wp:term":[{"taxonomy":"category","embeddable":true,"href":"https:\/\/bmmc.fr\/index.php?rest_route=%2Fwp%2Fv2%2Fcategories&post=117"},{"taxonomy":"post_tag","embeddable":true,"href":"https:\/\/bmmc.fr\/index.php?rest_route=%2Fwp%2Fv2%2Ftags&post=117"}],"curies":[{"name":"wp","href":"https:\/\/api.w.org\/{rel}","templated":true}]}}