{"id":102,"date":"2010-01-29T11:51:53","date_gmt":"2010-01-29T10:51:53","guid":{"rendered":"https:\/\/bmmc.fr\/wp\/?p=102"},"modified":"2024-06-18T09:48:46","modified_gmt":"2024-06-18T07:48:46","slug":"que-vaut-notre-vie-quand-nous-circulons-sur-nos-l-deux-roues-r","status":"publish","type":"post","link":"https:\/\/bmmc.fr\/?p=102","title":{"rendered":"Que vaut notre vie quand nous circulons sur nos deux roues ?"},"content":{"rendered":"<p>Extrait de \u00ab\u00a0\u00a0L\u2019Alsace\u00a0\u00bb sur le net du \u00a027\/06\/2009 \u00e0 04h04<\/p>\n<p>\u00ab\u00a0Un Strasbourgeois de 35 ans a trouv\u00e9 la mort, jeudi, dans un accident de la route. Le drame s\u2019est d\u00e9roul\u00e9 peu apr\u00e8s 23 h, rue de Lingolsheim \u00e0 Eckbolsheim. <strong>Alors qu\u2019une voiture conduite par un habitant d\u2019Eckbolsheim tournait \u00e0 gauche, elle a \u00e9t\u00e9 percut\u00e9e par une moto qui arrivait en sens inverse. <\/strong>Raymond Soudan, qui pilotait la moto, a \u00e9t\u00e9 tu\u00e9 sur le coup. Les gendarmes de Wolfisheim sont en charge de l\u2019enqu\u00eate.\u00a0\u00bb<\/p>\n<p>Cet extrait pourrait \u00eatre \u00ab\u00a0r\u00e9\u00e9crit\u00a0\u00bb de la fa\u00e7on suivante\u00a0: <strong>Un motard circulant sur la longue ligne droite venant de Lingolsheim a \u00e9t\u00e9 tu\u00e9 sur le coup, victime du refus de priorit\u00e9 d\u2019un automobiliste<\/strong>.<em><strong><em> <\/em><\/strong><\/em><em><strong><em> <\/em><\/strong><\/em><em> <\/em><\/p>\n<p><em><img fetchpriority=\"high\" decoding=\"async\" class=\" alignleft size-full wp-image-101\" src=\"https:\/\/bmmc.fr\/wp\/wp-content\/uploads\/2010\/01\/accident_eckbo.jpg\" border=\"0\" style=\"float: left; margin-left: 10px; margin-right: 10px;\" width=\"466\" height=\"296\" srcset=\"https:\/\/bmmc.fr\/wp-content\/uploads\/2010\/01\/accident_eckbo.jpg 466w, https:\/\/bmmc.fr\/wp-content\/uploads\/2010\/01\/accident_eckbo-300x191.jpg 300w\" sizes=\"(max-width: 466px) 100vw, 466px\" \/><\/em><\/p>\n<p>\u00a0<\/p>\n<p>\u00a0<\/p>\n<p>La photo montre l\u2019intersection, telle qu\u2019elle se pr\u00e9sente quand on vient d\u2019Eckbolsheim. Difficile de ne pas voir arriver une moto, surtout \u00e0 23h (les feux sont encore bien plus visibles). D\u2019autant plus difficile de ne pas \u00eatre vigilant quand on passe \u00e0 cet endroit tous les jours comme c\u2019est le cas pour l\u2019automobiliste en question.<\/p>\n<p>\u00a0<\/p>\n<p>\u00a0<\/p>\n<p>\u00a0<\/p>\n<p>Nul n\u2019est infaillible et la presse orient\u00e9e. Mon exercice de style pourrait s\u2019arr\u00eater l\u00e0.<br \/> Cependant:<br \/> Un r\u00e9cent jugement a \u00e9t\u00e9 prononc\u00e9 \u00e0 l\u2019encontre de \u00abl\u2019habitant\u00a0d\u2019Eckbolsheim\u00bb qui dit\u00a0:\u00a0\u00ab\u00a0j\u2019ai eu du \u00ab\u00a0bol\u00a0\u00bb, j\u2019ai pris <strong>150\u20ac d\u2019amende et 3 mois d\u2019emprisonnement avec sursis <\/strong>!!! Oh, ils ont trouv\u00e9 des traces de cannabis chez le motard, alors \u2026\u00a0!\u00a0\u00bbBingo pour l\u2019habitant d\u2019Eckbolsheim\u00a0 et en cherchant bien, il devait rouler trop vite comme tous les motards \u2026<strong>mais ce qui fait peut-\u00eatre vraiment pencher la balance, est que\u00a0: l\u2019habitant concern\u00e9 est un \u2026 conseiller municipal d\u2019Eckbolsheim\u00a0!<\/strong><\/p>\n<p><strong> <\/strong><\/p>\n<p>Oui, Mr F. V. a eu du \u00ab\u00a0bol\u00a0\u00bb parce que dans son cas \u00ab\u00a0un motard,\u00a0\u00e7a ne vaut vraiment pas grand-chose\u00a0\u00bb \u2026. Moins qu\u2019une plaque d\u2019immatriculation non-conforme par exemple\u00a0!<br \/> Toute infraction aux r\u00e8gles d&#8217;immatriculation est actuellement passible d&#8217;une amende de 4\u00e8me classe pouvant atteindre 750 euros. En cas d&#8217;intention frauduleuse, le d\u00e9lit est sanctionn\u00e9 d&#8217;une amende de 3 750 euros pouvant \u00eatre assortie d&#8217;une peine d&#8217;emprisonnement allant jusqu&#8217;\u00e0 cinq ans. \u00a0(sic Moto.net)<\/p>\n<p align=\"right\">Chris<\/p>\n","protected":false},"excerpt":{"rendered":"<p>Extrait de \u00ab\u00a0\u00a0L\u2019Alsace\u00a0\u00bb sur le net du \u00a027\/06\/2009 \u00e0 04h04<\/p>\n<p>\u00ab\u00a0Un Strasbourgeois de 35 ans a trouv\u00e9 la mort, jeudi, dans un accident de la route. Le drame s\u2019est d\u00e9roul\u00e9 peu apr\u00e8s 23 h, rue de Lingolsheim \u00e0 Eckbolsheim. <strong>Alors qu\u2019une voiture conduite par un habitant d\u2019Eckbolsheim tournait \u00e0 gauche, elle a \u00e9t\u00e9 percut\u00e9e par une moto qui arrivait en sens inverse. <\/strong>Raymond Soudan, qui pilotait la moto, a \u00e9t\u00e9 tu\u00e9 sur le coup. Les gendarmes de Wolfisheim sont en charge de l\u2019enqu\u00eate.\u00a0\u00bb<\/p>\n","protected":false},"author":1,"featured_media":101,"comment_status":"closed","ping_status":"open","sticky":true,"template":"","format":"standard","meta":{"footnotes":""},"categories":[35,12],"tags":[],"class_list":["post-102","post","type-post","status-publish","format-standard","has-post-thumbnail","hentry","category-actualites","category-generalites-generalites"],"_links":{"self":[{"href":"https:\/\/bmmc.fr\/index.php?rest_route=\/wp\/v2\/posts\/102","targetHints":{"allow":["GET"]}}],"collection":[{"href":"https:\/\/bmmc.fr\/index.php?rest_route=\/wp\/v2\/posts"}],"about":[{"href":"https:\/\/bmmc.fr\/index.php?rest_route=\/wp\/v2\/types\/post"}],"author":[{"embeddable":true,"href":"https:\/\/bmmc.fr\/index.php?rest_route=\/wp\/v2\/users\/1"}],"replies":[{"embeddable":true,"href":"https:\/\/bmmc.fr\/index.php?rest_route=%2Fwp%2Fv2%2Fcomments&post=102"}],"version-history":[{"count":1,"href":"https:\/\/bmmc.fr\/index.php?rest_route=\/wp\/v2\/posts\/102\/revisions"}],"predecessor-version":[{"id":1095,"href":"https:\/\/bmmc.fr\/index.php?rest_route=\/wp\/v2\/posts\/102\/revisions\/1095"}],"wp:featuredmedia":[{"embeddable":true,"href":"https:\/\/bmmc.fr\/index.php?rest_route=\/wp\/v2\/media\/101"}],"wp:attachment":[{"href":"https:\/\/bmmc.fr\/index.php?rest_route=%2Fwp%2Fv2%2Fmedia&parent=102"}],"wp:term":[{"taxonomy":"category","embeddable":true,"href":"https:\/\/bmmc.fr\/index.php?rest_route=%2Fwp%2Fv2%2Fcategories&post=102"},{"taxonomy":"post_tag","embeddable":true,"href":"https:\/\/bmmc.fr\/index.php?rest_route=%2Fwp%2Fv2%2Ftags&post=102"}],"curies":[{"name":"wp","href":"https:\/\/api.w.org\/{rel}","templated":true}]}}